{"id":112,"date":"2024-05-13T21:50:56","date_gmt":"2024-05-13T19:50:56","guid":{"rendered":"https:\/\/astronomie-vercors.fr\/?p=112"},"modified":"2024-05-13T21:50:57","modified_gmt":"2024-05-13T19:50:57","slug":"ciel-et-espace-revue-dastronomie","status":"publish","type":"post","link":"https:\/\/astronomie-vercors.fr\/index.php\/2024\/05\/13\/ciel-et-espace-revue-dastronomie\/","title":{"rendered":"Ciel et espace revue d&#8217;astronomie"},"content":{"rendered":"\n<h3 class=\"wp-block-heading\">Une Soir\u00e9e Magique avec&nbsp;<a>Astronomie Vercors<\/a><\/h3>\n\n\n\n<p>Le magazine &#8220;<a>Ciel et Espace<\/a>&#8221; met en lumi\u00e8re une exp\u00e9rience unique au c\u0153ur du&nbsp;<a>Vercors<\/a>, o\u00f9&nbsp;<a>Guillaume Langin<\/a>, journaliste scientifique renomm\u00e9, s&#8217;est joint \u00e0 l&#8217;\u00e9quipe d&#8217;<a>Astronomie Vercors<\/a>&nbsp;pour une immersion exceptionnelle.<\/p>\n\n\n\n<p>Pendant deux jours,&nbsp;<a>Guillaume Langin<\/a>&nbsp;a partag\u00e9 sa passion pour l&#8217;astronomie en vivant une soir\u00e9e inoubliable sous le ciel \u00e9toil\u00e9 de la r\u00e9serve internationale du&nbsp;<a>Vercors<\/a>. Accompagn\u00e9 par les passionn\u00e9s d&#8217;<a>Astronomie Vercors<\/a>, il a pu d\u00e9couvrir la beaut\u00e9 des astres et s&#8217;impr\u00e9gner de la magie de l&#8217;univers.<\/p>\n\n\n\n<p>Cette rencontre entre le&nbsp;<a>journalisme scientifique<\/a>&nbsp;de haut niveau et l&#8217;astronomie locale met en lumi\u00e8re l&#8217;importance de pr\u00e9server la beaut\u00e9 du ciel nocturne et de promouvoir la d\u00e9couverte des merveilles c\u00e9lestes. Une collaboration enrichissante qui c\u00e9l\u00e8bre la fascination pour l&#8217;infini et l&#8217;inconnu.<\/p>\n\n\n\n<p><a>Astronomie Vercors<\/a>&nbsp;continue de rayonner dans le monde de l&#8217;astronomie, offrant des exp\u00e9riences uniques et des moments privil\u00e9gi\u00e9s pour tous les amoureux des \u00e9toiles.<\/p>\n\n\n\n<p>Plongez dans l&#8217;univers envo\u00fbtant de l&#8217;astronomie avec&nbsp;<a>Astronomie Vercors<\/a>&nbsp;et laissez-vous emporter par la magie des constellations au c\u0153ur de cette r\u00e9serve d&#8217;exception.<\/p>\n\n\n\n<figure class=\"wp-block-gallery has-nested-images columns-default is-cropped wp-block-gallery-1 is-layout-flex wp-block-gallery-is-layout-flex\">\n<figure class=\"wp-block-image size-large\"><img loading=\"lazy\" decoding=\"async\" width=\"768\" height=\"1024\" data-id=\"115\" src=\"https:\/\/astronomie-vercors.fr\/wp-content\/uploads\/2024\/05\/20240513_102228-768x1024.jpg\" alt=\"\" class=\"wp-image-115\" srcset=\"https:\/\/astronomie-vercors.fr\/wp-content\/uploads\/2024\/05\/20240513_102228-768x1024.jpg 768w, https:\/\/astronomie-vercors.fr\/wp-content\/uploads\/2024\/05\/20240513_102228-225x300.jpg 225w, https:\/\/astronomie-vercors.fr\/wp-content\/uploads\/2024\/05\/20240513_102228-1152x1536.jpg 1152w, https:\/\/astronomie-vercors.fr\/wp-content\/uploads\/2024\/05\/20240513_102228-1536x2048.jpg 1536w, https:\/\/astronomie-vercors.fr\/wp-content\/uploads\/2024\/05\/20240513_102228-scaled.jpg 1920w\" sizes=\"auto, (max-width: 767px) 89vw, (max-width: 1000px) 54vw, (max-width: 1071px) 543px, 580px\" \/><\/figure>\n<\/figure>\n\n\n\n<p>Abonnez-vous pour voir la suite &nbsp; #CielEtEspace #Vercors #ExplorationNocturne #Astronomy #astronomie #ciel\u00e9toil\u00e9 #lansenvercors #villarddelans #RICE #darksky\u2026<\/p>\n","protected":false},"excerpt":{"rendered":"<p>Une Soir\u00e9e Magique avec&nbsp;Astronomie Vercors Le magazine &#8220;Ciel et Espace&#8221; met en lumi\u00e8re une exp\u00e9rience unique au c\u0153ur du&nbsp;Vercors, o\u00f9&nbsp;Guillaume Langin, journaliste scientifique renomm\u00e9, s&#8217;est joint \u00e0 l&#8217;\u00e9quipe d&#8217;Astronomie Vercors&nbsp;pour une immersion exceptionnelle. Pendant deux jours,&nbsp;Guillaume Langin&nbsp;a partag\u00e9 sa passion pour l&#8217;astronomie en vivant une soir\u00e9e inoubliable sous le ciel \u00e9toil\u00e9 de la r\u00e9serve internationale &hellip; <\/p>\n<p class=\"link-more\"><a href=\"https:\/\/astronomie-vercors.fr\/index.php\/2024\/05\/13\/ciel-et-espace-revue-dastronomie\/\" class=\"more-link\">Continue reading<span class=\"screen-reader-text\"> &#8220;Ciel et espace revue d&#8217;astronomie&#8221;<\/span><\/a><\/p>\n","protected":false},"author":1,"featured_media":0,"comment_status":"open","ping_status":"open","sticky":false,"template":"","format":"standard","meta":{"om_disable_all_campaigns":false,"_monsterinsights_skip_tracking":false,"_monsterinsights_sitenote_active":false,"_monsterinsights_sitenote_note":"","_monsterinsights_sitenote_category":0,"_uf_show_specific_survey":0,"_uf_disable_surveys":false,"footnotes":""},"categories":[1],"tags":[],"class_list":["post-112","post","type-post","status-publish","format-standard","hentry","category-non-classe"],"yoast_head":"<!-- This site is optimized with the Yoast SEO plugin v27.5 - https:\/\/yoast.com\/product\/yoast-seo-wordpress\/ -->\n<title>Ciel et espace revue d&#039;astronomie - Astronomie Vercors<\/title>\n<meta name=\"robots\" content=\"index, follow, max-snippet:-1, max-image-preview:large, max-video-preview:-1\" \/>\n<link rel=\"canonical\" href=\"https:\/\/astronomie-vercors.fr\/index.php\/2024\/05\/13\/ciel-et-espace-revue-dastronomie\/\" \/>\n<meta property=\"og:locale\" content=\"en_US\" \/>\n<meta property=\"og:type\" content=\"article\" \/>\n<meta property=\"og:title\" content=\"Ciel et espace revue d&#039;astronomie - Astronomie Vercors\" \/>\n<meta property=\"og:description\" content=\"Une Soir\u00e9e Magique avec&nbsp;Astronomie Vercors Le magazine &#8220;Ciel et Espace&#8221; met en lumi\u00e8re une exp\u00e9rience unique au c\u0153ur du&nbsp;Vercors, o\u00f9&nbsp;Guillaume Langin, journaliste scientifique renomm\u00e9, s&#8217;est joint \u00e0 l&#8217;\u00e9quipe d&#8217;Astronomie Vercors&nbsp;pour une immersion exceptionnelle. Pendant deux jours,&nbsp;Guillaume Langin&nbsp;a partag\u00e9 sa passion pour l&#8217;astronomie en vivant une soir\u00e9e inoubliable sous le ciel \u00e9toil\u00e9 de la r\u00e9serve internationale &hellip; Continue reading &quot;Ciel et espace revue d&#8217;astronomie&quot;\" \/>\n<meta property=\"og:url\" content=\"https:\/\/astronomie-vercors.fr\/index.php\/2024\/05\/13\/ciel-et-espace-revue-dastronomie\/\" \/>\n<meta property=\"og:site_name\" content=\"Astronomie Vercors\" \/>\n<meta property=\"article:publisher\" content=\"https:\/\/www.facebook.com\/astrovercors\" \/>\n<meta property=\"article:author\" content=\"https:\/\/www.facebook.com\/astrovercors\" \/>\n<meta property=\"article:published_time\" content=\"2024-05-13T19:50:56+00:00\" \/>\n<meta property=\"article:modified_time\" content=\"2024-05-13T19:50:57+00:00\" \/>\n<meta property=\"og:image\" content=\"https:\/\/astronomie-vercors.fr\/wp-content\/uploads\/2024\/05\/20240513_102228-768x1024.jpg\" \/>\n<meta name=\"author\" content=\"admin7868\" \/>\n<meta name=\"twitter:card\" content=\"summary_large_image\" \/>\n<meta name=\"twitter:label1\" content=\"Written by\" \/>\n\t<meta name=\"twitter:data1\" content=\"admin7868\" \/>\n\t<meta name=\"twitter:label2\" content=\"Est. reading time\" \/>\n\t<meta name=\"twitter:data2\" content=\"2 minutes\" \/>\n<script type=\"application\/ld+json\" class=\"yoast-schema-graph\">{\"@context\":\"https:\\\/\\\/schema.org\",\"@graph\":[{\"@type\":\"Article\",\"@id\":\"https:\\\/\\\/astronomie-vercors.fr\\\/index.php\\\/2024\\\/05\\\/13\\\/ciel-et-espace-revue-dastronomie\\\/#article\",\"isPartOf\":{\"@id\":\"https:\\\/\\\/astronomie-vercors.fr\\\/index.php\\\/2024\\\/05\\\/13\\\/ciel-et-espace-revue-dastronomie\\\/\"},\"author\":{\"name\":\"admin7868\",\"@id\":\"https:\\\/\\\/astronomie-vercors.fr\\\/#\\\/schema\\\/person\\\/25c0041c7388f46d47e84782f3667e5c\"},\"headline\":\"Ciel et espace revue d&#8217;astronomie\",\"datePublished\":\"2024-05-13T19:50:56+00:00\",\"dateModified\":\"2024-05-13T19:50:57+00:00\",\"mainEntityOfPage\":{\"@id\":\"https:\\\/\\\/astronomie-vercors.fr\\\/index.php\\\/2024\\\/05\\\/13\\\/ciel-et-espace-revue-dastronomie\\\/\"},\"wordCount\":243,\"commentCount\":0,\"publisher\":{\"@id\":\"https:\\\/\\\/astronomie-vercors.fr\\\/#organization\"},\"image\":{\"@id\":\"https:\\\/\\\/astronomie-vercors.fr\\\/index.php\\\/2024\\\/05\\\/13\\\/ciel-et-espace-revue-dastronomie\\\/#primaryimage\"},\"thumbnailUrl\":\"https:\\\/\\\/astronomie-vercors.fr\\\/wp-content\\\/uploads\\\/2024\\\/05\\\/20240513_102228-768x1024.jpg\",\"articleSection\":[\"Non class\u00e9\"],\"inLanguage\":\"en-US\",\"potentialAction\":[{\"@type\":\"CommentAction\",\"name\":\"Comment\",\"target\":[\"https:\\\/\\\/astronomie-vercors.fr\\\/index.php\\\/2024\\\/05\\\/13\\\/ciel-et-espace-revue-dastronomie\\\/#respond\"]}]},{\"@type\":\"WebPage\",\"@id\":\"https:\\\/\\\/astronomie-vercors.fr\\\/index.php\\\/2024\\\/05\\\/13\\\/ciel-et-espace-revue-dastronomie\\\/\",\"url\":\"https:\\\/\\\/astronomie-vercors.fr\\\/index.php\\\/2024\\\/05\\\/13\\\/ciel-et-espace-revue-dastronomie\\\/\",\"name\":\"Ciel et espace revue d'astronomie - Astronomie Vercors\",\"isPartOf\":{\"@id\":\"https:\\\/\\\/astronomie-vercors.fr\\\/#website\"},\"primaryImageOfPage\":{\"@id\":\"https:\\\/\\\/astronomie-vercors.fr\\\/index.php\\\/2024\\\/05\\\/13\\\/ciel-et-espace-revue-dastronomie\\\/#primaryimage\"},\"image\":{\"@id\":\"https:\\\/\\\/astronomie-vercors.fr\\\/index.php\\\/2024\\\/05\\\/13\\\/ciel-et-espace-revue-dastronomie\\\/#primaryimage\"},\"thumbnailUrl\":\"https:\\\/\\\/astronomie-vercors.fr\\\/wp-content\\\/uploads\\\/2024\\\/05\\\/20240513_102228-768x1024.jpg\",\"datePublished\":\"2024-05-13T19:50:56+00:00\",\"dateModified\":\"2024-05-13T19:50:57+00:00\",\"breadcrumb\":{\"@id\":\"https:\\\/\\\/astronomie-vercors.fr\\\/index.php\\\/2024\\\/05\\\/13\\\/ciel-et-espace-revue-dastronomie\\\/#breadcrumb\"},\"inLanguage\":\"en-US\",\"potentialAction\":[{\"@type\":\"ReadAction\",\"target\":[\"https:\\\/\\\/astronomie-vercors.fr\\\/index.php\\\/2024\\\/05\\\/13\\\/ciel-et-espace-revue-dastronomie\\\/\"]}]},{\"@type\":\"ImageObject\",\"inLanguage\":\"en-US\",\"@id\":\"https:\\\/\\\/astronomie-vercors.fr\\\/index.php\\\/2024\\\/05\\\/13\\\/ciel-et-espace-revue-dastronomie\\\/#primaryimage\",\"url\":\"https:\\\/\\\/astronomie-vercors.fr\\\/wp-content\\\/uploads\\\/2024\\\/05\\\/20240513_102228-scaled.jpg\",\"contentUrl\":\"https:\\\/\\\/astronomie-vercors.fr\\\/wp-content\\\/uploads\\\/2024\\\/05\\\/20240513_102228-scaled.jpg\",\"width\":1920,\"height\":2560},{\"@type\":\"BreadcrumbList\",\"@id\":\"https:\\\/\\\/astronomie-vercors.fr\\\/index.php\\\/2024\\\/05\\\/13\\\/ciel-et-espace-revue-dastronomie\\\/#breadcrumb\",\"itemListElement\":[{\"@type\":\"ListItem\",\"position\":1,\"name\":\"Accueil\",\"item\":\"https:\\\/\\\/astronomie-vercors.fr\\\/\"},{\"@type\":\"ListItem\",\"position\":2,\"name\":\"Ciel et espace revue d&#8217;astronomie\"}]},{\"@type\":\"WebSite\",\"@id\":\"https:\\\/\\\/astronomie-vercors.fr\\\/#website\",\"url\":\"https:\\\/\\\/astronomie-vercors.fr\\\/\",\"name\":\"Astronomie Vercors\",\"description\":\"Sans l&#039;astronomie, l&#039;homme ignore la place qu&#039;il occupe. (Aristote)\",\"publisher\":{\"@id\":\"https:\\\/\\\/astronomie-vercors.fr\\\/#organization\"},\"potentialAction\":[{\"@type\":\"SearchAction\",\"target\":{\"@type\":\"EntryPoint\",\"urlTemplate\":\"https:\\\/\\\/astronomie-vercors.fr\\\/?s={search_term_string}\"},\"query-input\":{\"@type\":\"PropertyValueSpecification\",\"valueRequired\":true,\"valueName\":\"search_term_string\"}}],\"inLanguage\":\"en-US\"},{\"@type\":\"Organization\",\"@id\":\"https:\\\/\\\/astronomie-vercors.fr\\\/#organization\",\"name\":\"Astronomie Vercors\",\"url\":\"https:\\\/\\\/astronomie-vercors.fr\\\/\",\"logo\":{\"@type\":\"ImageObject\",\"inLanguage\":\"en-US\",\"@id\":\"https:\\\/\\\/astronomie-vercors.fr\\\/#\\\/schema\\\/logo\\\/image\\\/\",\"url\":\"http:\\\/\\\/astronomie-vercors.fr\\\/wp-content\\\/uploads\\\/2023\\\/06\\\/cropped-logo-grandeur-nature-gd-copie.jpg\",\"contentUrl\":\"http:\\\/\\\/astronomie-vercors.fr\\\/wp-content\\\/uploads\\\/2023\\\/06\\\/cropped-logo-grandeur-nature-gd-copie.jpg\",\"width\":512,\"height\":512,\"caption\":\"Astronomie Vercors\"},\"image\":{\"@id\":\"https:\\\/\\\/astronomie-vercors.fr\\\/#\\\/schema\\\/logo\\\/image\\\/\"},\"sameAs\":[\"https:\\\/\\\/www.facebook.com\\\/astrovercors\"]},{\"@type\":\"Person\",\"@id\":\"https:\\\/\\\/astronomie-vercors.fr\\\/#\\\/schema\\\/person\\\/25c0041c7388f46d47e84782f3667e5c\",\"name\":\"admin7868\",\"image\":{\"@type\":\"ImageObject\",\"inLanguage\":\"en-US\",\"@id\":\"https:\\\/\\\/secure.gravatar.com\\\/avatar\\\/01675a3b56fcbe5b40109e0e359ae2f7a9b5fa0f03c68d125fd24e0dff5ba12a?s=96&d=mm&r=g\",\"url\":\"https:\\\/\\\/secure.gravatar.com\\\/avatar\\\/01675a3b56fcbe5b40109e0e359ae2f7a9b5fa0f03c68d125fd24e0dff5ba12a?s=96&d=mm&r=g\",\"contentUrl\":\"https:\\\/\\\/secure.gravatar.com\\\/avatar\\\/01675a3b56fcbe5b40109e0e359ae2f7a9b5fa0f03c68d125fd24e0dff5ba12a?s=96&d=mm&r=g\",\"caption\":\"admin7868\"},\"sameAs\":[\"http:\\\/\\\/astronomie-vercors.fr\",\"https:\\\/\\\/www.facebook.com\\\/astrovercors\",\"https:\\\/\\\/www.linkedin.com\\\/company\\\/astronomie-vercors\\\/?viewAsMember=true\"],\"url\":\"https:\\\/\\\/astronomie-vercors.fr\\\/index.php\\\/author\\\/admin7868\\\/\"}]}<\/script>\n<!-- \/ Yoast SEO plugin. -->","yoast_head_json":{"title":"Ciel et espace revue d'astronomie - Astronomie Vercors","robots":{"index":"index","follow":"follow","max-snippet":"max-snippet:-1","max-image-preview":"max-image-preview:large","max-video-preview":"max-video-preview:-1"},"canonical":"https:\/\/astronomie-vercors.fr\/index.php\/2024\/05\/13\/ciel-et-espace-revue-dastronomie\/","og_locale":"en_US","og_type":"article","og_title":"Ciel et espace revue d'astronomie - Astronomie Vercors","og_description":"Une Soir\u00e9e Magique avec&nbsp;Astronomie Vercors Le magazine &#8220;Ciel et Espace&#8221; met en lumi\u00e8re une exp\u00e9rience unique au c\u0153ur du&nbsp;Vercors, o\u00f9&nbsp;Guillaume Langin, journaliste scientifique renomm\u00e9, s&#8217;est joint \u00e0 l&#8217;\u00e9quipe d&#8217;Astronomie Vercors&nbsp;pour une immersion exceptionnelle. Pendant deux jours,&nbsp;Guillaume Langin&nbsp;a partag\u00e9 sa passion pour l&#8217;astronomie en vivant une soir\u00e9e inoubliable sous le ciel \u00e9toil\u00e9 de la r\u00e9serve internationale &hellip; Continue reading \"Ciel et espace revue d&#8217;astronomie\"","og_url":"https:\/\/astronomie-vercors.fr\/index.php\/2024\/05\/13\/ciel-et-espace-revue-dastronomie\/","og_site_name":"Astronomie Vercors","article_publisher":"https:\/\/www.facebook.com\/astrovercors","article_author":"https:\/\/www.facebook.com\/astrovercors","article_published_time":"2024-05-13T19:50:56+00:00","article_modified_time":"2024-05-13T19:50:57+00:00","og_image":[{"url":"https:\/\/astronomie-vercors.fr\/wp-content\/uploads\/2024\/05\/20240513_102228-768x1024.jpg","type":"","width":"","height":""}],"author":"admin7868","twitter_card":"summary_large_image","twitter_misc":{"Written by":"admin7868","Est. reading time":"2 minutes"},"schema":{"@context":"https:\/\/schema.org","@graph":[{"@type":"Article","@id":"https:\/\/astronomie-vercors.fr\/index.php\/2024\/05\/13\/ciel-et-espace-revue-dastronomie\/#article","isPartOf":{"@id":"https:\/\/astronomie-vercors.fr\/index.php\/2024\/05\/13\/ciel-et-espace-revue-dastronomie\/"},"author":{"name":"admin7868","@id":"https:\/\/astronomie-vercors.fr\/#\/schema\/person\/25c0041c7388f46d47e84782f3667e5c"},"headline":"Ciel et espace revue d&#8217;astronomie","datePublished":"2024-05-13T19:50:56+00:00","dateModified":"2024-05-13T19:50:57+00:00","mainEntityOfPage":{"@id":"https:\/\/astronomie-vercors.fr\/index.php\/2024\/05\/13\/ciel-et-espace-revue-dastronomie\/"},"wordCount":243,"commentCount":0,"publisher":{"@id":"https:\/\/astronomie-vercors.fr\/#organization"},"image":{"@id":"https:\/\/astronomie-vercors.fr\/index.php\/2024\/05\/13\/ciel-et-espace-revue-dastronomie\/#primaryimage"},"thumbnailUrl":"https:\/\/astronomie-vercors.fr\/wp-content\/uploads\/2024\/05\/20240513_102228-768x1024.jpg","articleSection":["Non class\u00e9"],"inLanguage":"en-US","potentialAction":[{"@type":"CommentAction","name":"Comment","target":["https:\/\/astronomie-vercors.fr\/index.php\/2024\/05\/13\/ciel-et-espace-revue-dastronomie\/#respond"]}]},{"@type":"WebPage","@id":"https:\/\/astronomie-vercors.fr\/index.php\/2024\/05\/13\/ciel-et-espace-revue-dastronomie\/","url":"https:\/\/astronomie-vercors.fr\/index.php\/2024\/05\/13\/ciel-et-espace-revue-dastronomie\/","name":"Ciel et espace revue d'astronomie - Astronomie Vercors","isPartOf":{"@id":"https:\/\/astronomie-vercors.fr\/#website"},"primaryImageOfPage":{"@id":"https:\/\/astronomie-vercors.fr\/index.php\/2024\/05\/13\/ciel-et-espace-revue-dastronomie\/#primaryimage"},"image":{"@id":"https:\/\/astronomie-vercors.fr\/index.php\/2024\/05\/13\/ciel-et-espace-revue-dastronomie\/#primaryimage"},"thumbnailUrl":"https:\/\/astronomie-vercors.fr\/wp-content\/uploads\/2024\/05\/20240513_102228-768x1024.jpg","datePublished":"2024-05-13T19:50:56+00:00","dateModified":"2024-05-13T19:50:57+00:00","breadcrumb":{"@id":"https:\/\/astronomie-vercors.fr\/index.php\/2024\/05\/13\/ciel-et-espace-revue-dastronomie\/#breadcrumb"},"inLanguage":"en-US","potentialAction":[{"@type":"ReadAction","target":["https:\/\/astronomie-vercors.fr\/index.php\/2024\/05\/13\/ciel-et-espace-revue-dastronomie\/"]}]},{"@type":"ImageObject","inLanguage":"en-US","@id":"https:\/\/astronomie-vercors.fr\/index.php\/2024\/05\/13\/ciel-et-espace-revue-dastronomie\/#primaryimage","url":"https:\/\/astronomie-vercors.fr\/wp-content\/uploads\/2024\/05\/20240513_102228-scaled.jpg","contentUrl":"https:\/\/astronomie-vercors.fr\/wp-content\/uploads\/2024\/05\/20240513_102228-scaled.jpg","width":1920,"height":2560},{"@type":"BreadcrumbList","@id":"https:\/\/astronomie-vercors.fr\/index.php\/2024\/05\/13\/ciel-et-espace-revue-dastronomie\/#breadcrumb","itemListElement":[{"@type":"ListItem","position":1,"name":"Accueil","item":"https:\/\/astronomie-vercors.fr\/"},{"@type":"ListItem","position":2,"name":"Ciel et espace revue d&#8217;astronomie"}]},{"@type":"WebSite","@id":"https:\/\/astronomie-vercors.fr\/#website","url":"https:\/\/astronomie-vercors.fr\/","name":"Astronomie Vercors","description":"Sans l&#039;astronomie, l&#039;homme ignore la place qu&#039;il occupe. (Aristote)","publisher":{"@id":"https:\/\/astronomie-vercors.fr\/#organization"},"potentialAction":[{"@type":"SearchAction","target":{"@type":"EntryPoint","urlTemplate":"https:\/\/astronomie-vercors.fr\/?s={search_term_string}"},"query-input":{"@type":"PropertyValueSpecification","valueRequired":true,"valueName":"search_term_string"}}],"inLanguage":"en-US"},{"@type":"Organization","@id":"https:\/\/astronomie-vercors.fr\/#organization","name":"Astronomie Vercors","url":"https:\/\/astronomie-vercors.fr\/","logo":{"@type":"ImageObject","inLanguage":"en-US","@id":"https:\/\/astronomie-vercors.fr\/#\/schema\/logo\/image\/","url":"http:\/\/astronomie-vercors.fr\/wp-content\/uploads\/2023\/06\/cropped-logo-grandeur-nature-gd-copie.jpg","contentUrl":"http:\/\/astronomie-vercors.fr\/wp-content\/uploads\/2023\/06\/cropped-logo-grandeur-nature-gd-copie.jpg","width":512,"height":512,"caption":"Astronomie Vercors"},"image":{"@id":"https:\/\/astronomie-vercors.fr\/#\/schema\/logo\/image\/"},"sameAs":["https:\/\/www.facebook.com\/astrovercors"]},{"@type":"Person","@id":"https:\/\/astronomie-vercors.fr\/#\/schema\/person\/25c0041c7388f46d47e84782f3667e5c","name":"admin7868","image":{"@type":"ImageObject","inLanguage":"en-US","@id":"https:\/\/secure.gravatar.com\/avatar\/01675a3b56fcbe5b40109e0e359ae2f7a9b5fa0f03c68d125fd24e0dff5ba12a?s=96&d=mm&r=g","url":"https:\/\/secure.gravatar.com\/avatar\/01675a3b56fcbe5b40109e0e359ae2f7a9b5fa0f03c68d125fd24e0dff5ba12a?s=96&d=mm&r=g","contentUrl":"https:\/\/secure.gravatar.com\/avatar\/01675a3b56fcbe5b40109e0e359ae2f7a9b5fa0f03c68d125fd24e0dff5ba12a?s=96&d=mm&r=g","caption":"admin7868"},"sameAs":["http:\/\/astronomie-vercors.fr","https:\/\/www.facebook.com\/astrovercors","https:\/\/www.linkedin.com\/company\/astronomie-vercors\/?viewAsMember=true"],"url":"https:\/\/astronomie-vercors.fr\/index.php\/author\/admin7868\/"}]}},"_links":{"self":[{"href":"https:\/\/astronomie-vercors.fr\/index.php\/wp-json\/wp\/v2\/posts\/112","targetHints":{"allow":["GET"]}}],"collection":[{"href":"https:\/\/astronomie-vercors.fr\/index.php\/wp-json\/wp\/v2\/posts"}],"about":[{"href":"https:\/\/astronomie-vercors.fr\/index.php\/wp-json\/wp\/v2\/types\/post"}],"author":[{"embeddable":true,"href":"https:\/\/astronomie-vercors.fr\/index.php\/wp-json\/wp\/v2\/users\/1"}],"replies":[{"embeddable":true,"href":"https:\/\/astronomie-vercors.fr\/index.php\/wp-json\/wp\/v2\/comments?post=112"}],"version-history":[{"count":1,"href":"https:\/\/astronomie-vercors.fr\/index.php\/wp-json\/wp\/v2\/posts\/112\/revisions"}],"predecessor-version":[{"id":116,"href":"https:\/\/astronomie-vercors.fr\/index.php\/wp-json\/wp\/v2\/posts\/112\/revisions\/116"}],"wp:attachment":[{"href":"https:\/\/astronomie-vercors.fr\/index.php\/wp-json\/wp\/v2\/media?parent=112"}],"wp:term":[{"taxonomy":"category","embeddable":true,"href":"https:\/\/astronomie-vercors.fr\/index.php\/wp-json\/wp\/v2\/categories?post=112"},{"taxonomy":"post_tag","embeddable":true,"href":"https:\/\/astronomie-vercors.fr\/index.php\/wp-json\/wp\/v2\/tags?post=112"}],"curies":[{"name":"wp","href":"https:\/\/api.w.org\/{rel}","templated":true}]}}